{"id":40117,"__str__":"REQUERIMENTO n\u00ba 1641 de 2025","metadata":{"signs":{"texto_original":{"admin":[],"autores":[["Nome do Assinante N\u00e3o Localizado.",["2025-05-15T10:29:32-03:00","C\u00e2mara Municipal de Caruaru"]]]}}},"numero":1641,"ano":2025,"numero_protocolo":2372,"data_apresentacao":"2025-05-15","tipo_apresentacao":"","data_publicacao":null,"numero_origem_externa":"","ano_origem_externa":null,"data_origem_externa":null,"apelido":"","dias_prazo":null,"data_fim_prazo":null,"em_tramitacao":false,"polemica":false,"objeto":"","complementar":false,"ementa":"Requer obras de requalifica\u00e7\u00e3o da Pra\u00e7a da Na\u00e7\u00e3o, Vila do Ju\u00e1, 2\u00b0 Distrito, Munic\u00edpio de Caruaru-PE.","indexacao":"","observacao":"","resultado":"","texto_original":"http://sapl.caruaru.pe.leg.br/media/sapl/public/materialegislativa/2025/40117/req_requalificacao_praca_da_nacao_jua.pdf","data_ultima_atualizacao":"2025-05-23T16:18:20.515766-03:00","ip":"","ultima_edicao":null,"tipo":1,"regime_tramitacao":1,"tipo_origem_externa":null,"local_origem_externa":null,"user":null,"anexadas":[],"autores":[19]}