{"id":40156,"__str__":"REQUERIMENTO n\u00ba 1677 de 2025","metadata":{"signs":{"texto_original":{"admin":[],"autores":[["Nome do Assinante N\u00e3o Localizado.",["2025-05-19T07:57:38-03:00","C\u00e2mara Municipal de Caruaru"]]]}}},"numero":1677,"ano":2025,"numero_protocolo":2410,"data_apresentacao":"2025-05-19","tipo_apresentacao":"","data_publicacao":null,"numero_origem_externa":"","ano_origem_externa":null,"data_origem_externa":null,"apelido":"","dias_prazo":null,"data_fim_prazo":null,"em_tramitacao":false,"polemica":false,"objeto":"","complementar":false,"ementa":"Anteprojeto de Lei que visa a disponibiliza\u00e7\u00e3o de Transporte para Assist\u00eancia M\u00e9dica de Idosos com Mobilidade Reduzida no Munic\u00edpio de Caruaru.","indexacao":"","observacao":"","resultado":"","texto_original":"http://sapl.caruaru.pe.leg.br/media/sapl/public/materialegislativa/2025/40156/apl_transporte_idosos_mobilidade_reduzida_caruaru_2025.pdf","data_ultima_atualizacao":"2025-05-23T13:01:02.679243-03:00","ip":"","ultima_edicao":null,"tipo":1,"regime_tramitacao":1,"tipo_origem_externa":null,"local_origem_externa":null,"user":null,"anexadas":[],"autores":[111]}