{"id":40158,"__str__":"REQUERIMENTO n\u00ba 1679 de 2025","metadata":{"signs":{"texto_original":{"admin":[],"autores":[["Nome do Assinante N\u00e3o Localizado.",["2025-05-19T07:21:30-03:00","C\u00e2mara Municipal de Caruaru"]]]}}},"numero":1679,"ano":2025,"numero_protocolo":2412,"data_apresentacao":"2025-05-19","tipo_apresentacao":"","data_publicacao":null,"numero_origem_externa":"","ano_origem_externa":null,"data_origem_externa":null,"apelido":"","dias_prazo":null,"data_fim_prazo":null,"em_tramitacao":false,"polemica":false,"objeto":"","complementar":false,"ementa":"Solicita a cria\u00e7\u00e3o da Caravana dos Direitos da Pessoa Autista, com o objetivo de promover a conscientiza\u00e7\u00e3o, a escuta ativa das fam\u00edlias e o fortalecimento das pol\u00edticas p\u00fablicas voltadas \u00e0 popula\u00e7\u00e3o autista no munic\u00edpio.","indexacao":"","observacao":"","resultado":"","texto_original":"http://sapl.caruaru.pe.leg.br/media/sapl/public/materialegislativa/2025/40158/req_caravana_da_pessoa_autista.pdf","data_ultima_atualizacao":"2025-05-23T10:51:10.434577-03:00","ip":"","ultima_edicao":null,"tipo":1,"regime_tramitacao":1,"tipo_origem_externa":null,"local_origem_externa":null,"user":null,"anexadas":[],"autores":[111]}