{"id":40159,"__str__":"INDICA\u00c7\u00c3O n\u00ba 297 de 2025","metadata":{"signs":{"texto_original":{"admin":[],"autores":[["Nome do Assinante N\u00e3o Localizado.",["2025-05-19T07:49:27-03:00","C\u00e2mara Municipal de Caruaru"]]]}}},"numero":297,"ano":2025,"numero_protocolo":2413,"data_apresentacao":"2025-05-19","tipo_apresentacao":"","data_publicacao":null,"numero_origem_externa":"","ano_origem_externa":null,"data_origem_externa":null,"apelido":"","dias_prazo":null,"data_fim_prazo":null,"em_tramitacao":false,"polemica":false,"objeto":"","complementar":false,"ementa":"Indica\u00e7\u00e3o no sentido de que sejam criados espa\u00e7os sensoriais adaptados nos estabelecimentos de sa\u00fade da rede estadual , a fim de oferecer ambientes acolhedores e preparados para o atendimento de pessoas com Transtorno do Espectro Autista (TEA) e com outras condi\u00e7\u00f5es relacionadas \u00e0 neurodiversidade.","indexacao":"","observacao":"","resultado":"","texto_original":"http://sapl.caruaru.pe.leg.br/media/sapl/public/materialegislativa/2025/40159/indicacao_criacao_espacos_sensoriais_tea_pe_2025.pdf","data_ultima_atualizacao":"2025-05-26T10:17:34.925579-03:00","ip":"","ultima_edicao":null,"tipo":2,"regime_tramitacao":1,"tipo_origem_externa":null,"local_origem_externa":null,"user":null,"anexadas":[],"autores":[111]}