{"id":40175,"__str__":"INDICA\u00c7\u00c3O n\u00ba 299 de 2025","metadata":{"signs":{"texto_original":{"admin":[],"autores":[["Nome do Assinante N\u00e3o Localizado.",["2025-05-19T09:12:39-03:00","C\u00e2mara Municipal de Caruaru"]]]}}},"numero":299,"ano":2025,"numero_protocolo":2429,"data_apresentacao":"2025-05-20","tipo_apresentacao":"","data_publicacao":null,"numero_origem_externa":"","ano_origem_externa":null,"data_origem_externa":null,"apelido":"","dias_prazo":null,"data_fim_prazo":null,"em_tramitacao":false,"polemica":false,"objeto":"","complementar":false,"ementa":"Apela \u00e0s autoridades estaduais e federais competentes para que adotem medidas integradas de fiscaliza\u00e7\u00e3o e monitoramento no polo t\u00eaxtil do Agreste Pernambucano, com o objetivo de garantir o cumprimento das normas trabalhistas e fiscais, assegurar condi\u00e7\u00f5es dignas de trabalho e promover o desenvolvimento econ\u00f4mico sustent\u00e1vel da regi\u00e3o.","indexacao":"","observacao":"","resultado":"","texto_original":"http://sapl.caruaru.pe.leg.br/media/sapl/public/materialegislativa/2025/40175/indicacao_painel_integrado_fiscalizacao_polo_textil_agreste.pdf","data_ultima_atualizacao":"2025-05-26T09:54:46.750231-03:00","ip":"","ultima_edicao":null,"tipo":2,"regime_tramitacao":1,"tipo_origem_externa":null,"local_origem_externa":null,"user":null,"anexadas":[],"autores":[111]}