{"id":4055,"__str__":"REQUERIMENTO n\u00ba 408 de 2018","metadata":{},"numero":408,"ano":2018,"numero_protocolo":2458,"data_apresentacao":"2018-03-01","tipo_apresentacao":"","data_publicacao":null,"numero_origem_externa":"","ano_origem_externa":null,"data_origem_externa":null,"apelido":"","dias_prazo":null,"data_fim_prazo":null,"em_tramitacao":false,"polemica":null,"objeto":"","complementar":null,"ementa":"Requer que seja viabilizada a realiza\u00e7\u00e3o de uma Audi\u00eancia P\u00fablica, com o objetivo de se discutir, nesta Casa Legislativa, a situa\u00e7\u00e3o dos trabalhadores que atuam com servi\u00e7os de transporte de passageiros, no modal motot\u00e1xi, em Caruaru-PE.","indexacao":"","observacao":"","resultado":"","texto_original":"http://sapl.caruaru.pe.leg.br/media/sapl/public/materialegislativa/2018/4055/req.-vecfcmc-audi-ncia-p-blica-2018-mototaxista_HWiiu7h.pdf","data_ultima_atualizacao":"2021-02-06T08:45:20.466078-03:00","ip":"","ultima_edicao":null,"tipo":1,"regime_tramitacao":1,"tipo_origem_externa":null,"local_origem_externa":null,"user":null,"anexadas":[],"autores":[16]}