{"id":41307,"__str__":"PROJETO DE RESOLU\u00c7\u00c3O n\u00ba 788 de 2025","metadata":{"signs":{"texto_original":{"admin":[],"autores":[["Nome do Assinante N\u00e3o Localizado.",["2025-08-12T11:48:01-03:00","C\u00e2mara Municipal de Caruaru"]],["Vereador Anderson Correia",["2025-08-12T11:49:52-03:00",""]],["Vereador Galego de Lajes",["2025-08-12T11:50:26-03:00",""]]]}}},"numero":788,"ano":2025,"numero_protocolo":3540,"data_apresentacao":"2025-08-14","tipo_apresentacao":"","data_publicacao":null,"numero_origem_externa":"","ano_origem_externa":null,"data_origem_externa":null,"apelido":"","dias_prazo":null,"data_fim_prazo":null,"em_tramitacao":false,"polemica":false,"objeto":"","complementar":false,"ementa":"Denomina Pra\u00e7a em frente da Nova Sede da C\u00e2mara Municipal de Caruaru, Estado de Pernambuco, e d\u00e1 outras provid\u00eancias (Pra\u00e7a Vereador Jos\u00e9 Ailton do Nascimento).","indexacao":"","observacao":"","resultado":"","texto_original":"http://sapl.caruaru.pe.leg.br/media/sapl/public/materialegislativa/2025/41307/projeto_de_resoluaao_denomina_praaa_da_nova_sede_da_camara.pdf","data_ultima_atualizacao":"2025-09-19T15:11:44.572867-03:00","ip":"","ultima_edicao":null,"tipo":5,"regime_tramitacao":1,"tipo_origem_externa":null,"local_origem_externa":null,"user":null,"anexadas":[41991,41992],"autores":[121]}