{"id":41971,"__str__":"REQUERIMENTO n\u00ba 2705 de 2025","metadata":{"signs":{"texto_original":{"admin":[],"autores":[["Nome do Assinante N\u00e3o Localizado.",["2025-09-11T10:59:17-03:00","C\u00e2mara Municipal de Caruaru"]]]}}},"numero":2705,"ano":2025,"numero_protocolo":4193,"data_apresentacao":"2025-09-11","tipo_apresentacao":"","data_publicacao":null,"numero_origem_externa":"","ano_origem_externa":null,"data_origem_externa":null,"apelido":"","dias_prazo":null,"data_fim_prazo":null,"em_tramitacao":false,"polemica":false,"objeto":"","complementar":false,"ementa":"Requer constru\u00e7\u00e3o de Pra\u00e7a na rua Daniel F\u00e9lix da Silva, bairro Jardim Boa Vista, nesta Urbe, em \u00e1rea p\u00fablica localizada nas proximidades da Associa\u00e7\u00e3o Caruaruense de Cegos \u2013 ACACE.","indexacao":"","observacao":"","resultado":"","texto_original":"http://sapl.caruaru.pe.leg.br/media/sapl/public/materialegislativa/2025/41971/58_-_construcao_praca.pdf","data_ultima_atualizacao":"2025-09-22T11:12:06.275996-03:00","ip":"","ultima_edicao":null,"tipo":1,"regime_tramitacao":1,"tipo_origem_externa":null,"local_origem_externa":null,"user":null,"anexadas":[],"autores":[12]}