{"id":42012,"__str__":"REQUERIMENTO n\u00ba 2713 de 2025","metadata":{"signs":{"texto_original":{"admin":[],"autores":[["Nome do Assinante N\u00e3o Localizado.",["2025-09-15T20:56:45-03:00","C\u00e2mara Municipal de Caruaru"]]]}}},"numero":2713,"ano":2025,"numero_protocolo":4229,"data_apresentacao":"2025-09-16","tipo_apresentacao":"","data_publicacao":null,"numero_origem_externa":"","ano_origem_externa":null,"data_origem_externa":null,"apelido":"","dias_prazo":null,"data_fim_prazo":null,"em_tramitacao":false,"polemica":false,"objeto":"","complementar":false,"ementa":"Institui o Programa Municipal de Inclus\u00e3o e Certifica\u00e7\u00e3o \u201cEmpresa Amiga da Pessoa Autista\u201d, com o objetivo de promover a capacita\u00e7\u00e3o de empresas p\u00fablicas, privadas e entidades conveniadas, incentivando a inclus\u00e3o, o respeito e a acessibilidade para pessoas com Transtorno do Espectro Autista (TEA), no munic\u00edpio de Caruaru, e d\u00e1 outras provid\u00eancias.","indexacao":"","observacao":"","resultado":"","texto_original":"http://sapl.caruaru.pe.leg.br/media/sapl/public/materialegislativa/2025/42012/apl_empresa_amiga_autista_caruaru_2025.pdf","data_ultima_atualizacao":"2025-09-22T12:02:08.774658-03:00","ip":"","ultima_edicao":null,"tipo":1,"regime_tramitacao":1,"tipo_origem_externa":null,"local_origem_externa":null,"user":null,"anexadas":[],"autores":[111]}