{"id":42028,"__str__":"INDICA\u00c7\u00c3O n\u00ba 572 de 2025","metadata":{"signs":{"texto_original":{"admin":[],"autores":[["Nome do Assinante N\u00e3o Localizado.",["2025-09-05T09:13:00-03:00","C\u00e2mara Municipal de Caruaru"]]]}}},"numero":572,"ano":2025,"numero_protocolo":4245,"data_apresentacao":"2025-09-16","tipo_apresentacao":"","data_publicacao":null,"numero_origem_externa":"","ano_origem_externa":null,"data_origem_externa":null,"apelido":"","dias_prazo":null,"data_fim_prazo":null,"em_tramitacao":false,"polemica":false,"objeto":"","complementar":false,"ementa":"Indico apelo ao Exmo. Sr. Presidente da Rep\u00fablica Luiz In\u00e1cio Lula da Silva, ao Exmo. Sr. Renan Filho \u2013 Ministro de Transportes, apresentar a seguinte proposi\u00e7\u00e3o: CONSTRU\u00c7\u00c3O DE UMA PASSARELA PARA PEDESTRES Nas intermedia\u00e7\u00f5es da Vila do Rafael/ Rodovia BR-104\r\nCARUARU PE","indexacao":"","observacao":"","resultado":"","texto_original":"http://sapl.caruaru.pe.leg.br/media/sapl/public/materialegislativa/2025/42028/rafael_passarela_governo_federal.pdf","data_ultima_atualizacao":"2025-09-19T11:07:57.616694-03:00","ip":"","ultima_edicao":null,"tipo":2,"regime_tramitacao":1,"tipo_origem_externa":null,"local_origem_externa":null,"user":null,"anexadas":[],"autores":[113]}