{"id":42036,"__str__":"REQUERIMENTO n\u00ba 2731 de 2025","metadata":{"signs":{"texto_original":{"admin":[],"autores":[["Nome do Assinante N\u00e3o Localizado.",["2025-09-16T09:28:52-03:00","C\u00e2mara Municipal de Caruaru"]]]}}},"numero":2731,"ano":2025,"numero_protocolo":4253,"data_apresentacao":"2025-09-16","tipo_apresentacao":"","data_publicacao":null,"numero_origem_externa":"","ano_origem_externa":null,"data_origem_externa":null,"apelido":"","dias_prazo":null,"data_fim_prazo":null,"em_tramitacao":false,"polemica":false,"objeto":"","complementar":false,"ementa":"Solicita a constru\u00e7\u00e3o de pontos de \u00f4nibus cobertos e a renova\u00e7\u00e3o das placas de identifica\u00e7\u00e3o em todos os pontos de \u00f4nibus do Bairro Rendeiras\r\nAvenida Major Jo\u00e3o Coelho 3\u00aa parada\r\nAvenida Major Jo\u00e3o Coelho \u2013 n 6 A \u2013 4\u00aa parada\r\nAvenida Major Jo\u00e3o Coelho \u2013 n 155 \u2013 5\u00aa parada\r\nAvenida Major Jo\u00e3o Coelho \u2013 n 585 \u2013 6\u00aa parada\r\nAvenida Major Jo\u00e3o Coelho \u2013 n 375 \u2013 7\u00aa parada\r\nAvenida Major Jo\u00e3o Coelho \u2013 n 255 \u2013 8\u00aa parada\r\nAvenida Major Jo\u00e3o Coelho \u2013 Parque Ecol\u00f3gico\u2013 9\u00aa parada\r\nAvenida Major Jo\u00e3o Coelho \u2013 Prox. ao Supermercado Ebom \u2013 10\u00aa parada","indexacao":"","observacao":"","resultado":"","texto_original":"http://sapl.caruaru.pe.leg.br/media/sapl/public/materialegislativa/2025/42036/req_ponto_de_onibus_major_joao_coeho_rendeiras.pdf","data_ultima_atualizacao":"2025-09-22T15:33:41.473835-03:00","ip":"","ultima_edicao":null,"tipo":1,"regime_tramitacao":1,"tipo_origem_externa":null,"local_origem_externa":null,"user":null,"anexadas":[],"autores":[113]}