{"id":42044,"__str__":"REQUERIMENTO n\u00ba 2737 de 2025","metadata":{"signs":{"texto_original":{"admin":[],"autores":[["Nome do Assinante N\u00e3o Localizado.",["2025-09-16T10:41:13-03:00","C\u00e2mara Municipal de Caruaru"]]]}}},"numero":2737,"ano":2025,"numero_protocolo":4261,"data_apresentacao":"2025-09-16","tipo_apresentacao":"","data_publicacao":null,"numero_origem_externa":"","ano_origem_externa":null,"data_origem_externa":null,"apelido":"","dias_prazo":null,"data_fim_prazo":null,"em_tramitacao":false,"polemica":false,"objeto":"","complementar":false,"ementa":"Requerimento para que viabilizem a prorroga\u00e7\u00e3o da validade do Concurso P\u00fablico da Educa\u00e7\u00e3o (EDITAL 0002/2023), considerando a proximidade de seu vencimento.\r\nVer. Gil Bobinho","indexacao":"","observacao":"","resultado":"","texto_original":"http://sapl.caruaru.pe.leg.br/media/sapl/public/materialegislativa/2025/42044/64_prorrogacao_concurso_da_educacao_.pdf","data_ultima_atualizacao":"2025-09-22T15:57:52.218346-03:00","ip":"","ultima_edicao":null,"tipo":1,"regime_tramitacao":1,"tipo_origem_externa":null,"local_origem_externa":null,"user":null,"anexadas":[],"autores":[128]}