{"id":42045,"__str__":"REQUERIMENTO n\u00ba 2738 de 2025","metadata":{"signs":{"texto_original":{"admin":[],"autores":[["Nome do Assinante N\u00e3o Localizado.",["2025-09-16T10:43:58-03:00","C\u00e2mara Municipal de Caruaru"]]]}}},"numero":2738,"ano":2025,"numero_protocolo":4262,"data_apresentacao":"2025-09-16","tipo_apresentacao":"","data_publicacao":null,"numero_origem_externa":"","ano_origem_externa":null,"data_origem_externa":null,"apelido":"","dias_prazo":null,"data_fim_prazo":null,"em_tramitacao":false,"polemica":false,"objeto":"","complementar":false,"ementa":"Requer que os cavalos resgatados de maus-tratos sejam utilizados PARA EQUOTERAPIA COM CRIAN\u00c7AS, para promover o desenvolvimento f\u00edsico, emocional e social das crian\u00e7as, sendo especialmente ben\u00e9fica para aquelas com paralisia cerebral, Transtorno do Espectro do Autismo (TEA) e outras condi\u00e7\u00f5es.","indexacao":"","observacao":"","resultado":"","texto_original":"http://sapl.caruaru.pe.leg.br/media/sapl/public/materialegislativa/2025/42045/req_animais_equoterapia_cavalos_crianca.pdf","data_ultima_atualizacao":"2025-09-22T16:03:45.203207-03:00","ip":"","ultima_edicao":null,"tipo":1,"regime_tramitacao":1,"tipo_origem_externa":null,"local_origem_externa":null,"user":null,"anexadas":[],"autores":[105]}