{"id":42075,"__str__":"REQUERIMENTO n\u00ba 2746 de 2025","metadata":{"signs":{"texto_original":{"admin":[],"autores":[["Nome do Assinante N\u00e3o Localizado.",["2025-09-17T09:53:56-03:00","C\u00e2mara Municipal de Caruaru"]]]}}},"numero":2746,"ano":2025,"numero_protocolo":4288,"data_apresentacao":"2025-09-18","tipo_apresentacao":"","data_publicacao":null,"numero_origem_externa":"","ano_origem_externa":null,"data_origem_externa":null,"apelido":"","dias_prazo":null,"data_fim_prazo":null,"em_tramitacao":false,"polemica":false,"objeto":"","complementar":false,"ementa":"Requer que seja viabilizado estudo para implanta\u00e7\u00e3o de uma placa de sinaliza\u00e7\u00e3o que indique a Escola T\u00e9cnica Fernando Lyra do Governo do Estado. Que fica localizada na Rua Vereador Jo\u00e3o Avelino Sobrinho, no Bairro Cidade Alta. Essa placa ficaria as margens da BR 232.","indexacao":"","observacao":"","resultado":"","texto_original":"http://sapl.caruaru.pe.leg.br/media/sapl/public/materialegislativa/2025/42075/requerimento_placa_sinalizacao_para_ete_fernando_lyra.pdf","data_ultima_atualizacao":"2025-09-25T16:23:56.175797-03:00","ip":"","ultima_edicao":null,"tipo":1,"regime_tramitacao":1,"tipo_origem_externa":null,"local_origem_externa":null,"user":null,"anexadas":[],"autores":[131]}