{"id":42076,"__str__":"REQUERIMENTO n\u00ba 2747 de 2025","metadata":{"signs":{"texto_original":{"admin":[],"autores":[["Nome do Assinante N\u00e3o Localizado.",["2025-09-17T10:19:20-03:00","C\u00e2mara Municipal de Caruaru"]]]}}},"numero":2747,"ano":2025,"numero_protocolo":4289,"data_apresentacao":"2025-09-18","tipo_apresentacao":"","data_publicacao":null,"numero_origem_externa":"","ano_origem_externa":null,"data_origem_externa":null,"apelido":"","dias_prazo":null,"data_fim_prazo":null,"em_tramitacao":false,"polemica":false,"objeto":"","complementar":false,"ementa":"Requer no sentido de que seja criado no Munic\u00edpio de Caruaru um Centro de Apoio de Preven\u00e7\u00e3o \u00e0 Crise em Sa\u00fade Mental.","indexacao":"","observacao":"","resultado":"","texto_original":"http://sapl.caruaru.pe.leg.br/media/sapl/public/materialegislativa/2025/42076/req_-_centro_de_apoio_de_prevencao_a_crise_em_saude_mental.pdf","data_ultima_atualizacao":"2025-09-25T16:19:35.338379-03:00","ip":"","ultima_edicao":null,"tipo":1,"regime_tramitacao":1,"tipo_origem_externa":null,"local_origem_externa":null,"user":null,"anexadas":[],"autores":[111]}