{"id":42103,"__str__":"INDICA\u00c7\u00c3O n\u00ba 592 de 2025","metadata":{"signs":{"texto_original":{"admin":[],"autores":[["Nome do Assinante N\u00e3o Localizado.",["2025-09-18T08:52:08-03:00","C\u00e2mara Municipal de Caruaru"]]]}}},"numero":592,"ano":2025,"numero_protocolo":4316,"data_apresentacao":"2025-09-18","tipo_apresentacao":"","data_publicacao":null,"numero_origem_externa":"","ano_origem_externa":null,"data_origem_externa":null,"apelido":"","dias_prazo":null,"data_fim_prazo":null,"em_tramitacao":false,"polemica":false,"objeto":"","complementar":false,"ementa":"Indico \u00e0 Exma. Sra. Governadora do Estado de Pernambuco, Raquel Lyra, extensivo a Secretaria de Defesa Social, Ilmo. Alessandro Carvalho; a Policia Militar de Pernambuco; ao CMT 4\u00b0 BATALH\u00c3O, Tenente-Coronel PM Fabiano Gomes Moreira; Tenente-Coronel PM CMT 1\u00b0 BIESP Luis Andr\u00e9 Pantale\u00e3o de Sena; para refor\u00e7ar as rondas policiais, principalmente pelo BIESP e pelas motocicletas da ROCAM, no bairro da Vila Padre Inacio e adjac\u00eancias.","indexacao":"","observacao":"","resultado":"","texto_original":"http://sapl.caruaru.pe.leg.br/media/sapl/public/materialegislativa/2025/42103/vila.pdf","data_ultima_atualizacao":"2025-10-21T11:49:53.272935-03:00","ip":"","ultima_edicao":null,"tipo":2,"regime_tramitacao":1,"tipo_origem_externa":null,"local_origem_externa":null,"user":null,"anexadas":[],"autores":[106]}