{"id":42127,"__str__":"REQUERIMENTO n\u00ba 2777 de 2025","metadata":{},"numero":2777,"ano":2025,"numero_protocolo":4340,"data_apresentacao":"2025-09-18","tipo_apresentacao":"","data_publicacao":null,"numero_origem_externa":"","ano_origem_externa":null,"data_origem_externa":null,"apelido":"","dias_prazo":null,"data_fim_prazo":null,"em_tramitacao":false,"polemica":false,"objeto":"","complementar":false,"ementa":"Requer que seja estudada a possibilidade de amplia\u00e7\u00e3o do hor\u00e1rio de funcionamento do Parque Ambiental Janelas para o Rio, estendendo-o at\u00e9 \u00e0s 20h. Tal medida visa atender \u00e0s solicita\u00e7\u00f5es de mun\u00edcipes que, em raz\u00e3o da jornada de trabalho em hor\u00e1rio comercial, n\u00e3o conseguem utilizar o espa\u00e7o para a pr\u00e1tica de atividades f\u00edsicas ap\u00f3s o expediente, j\u00e1 que atualmente o parque encerra suas atividades \u00e0s 18h.","indexacao":"","observacao":"","resultado":"","texto_original":"http://sapl.caruaru.pe.leg.br/media/sapl/public/materialegislativa/2025/42127/req_ampliacao_horario_parque_janelas_para_o_rio_ok.pdf","data_ultima_atualizacao":"2025-09-24T10:25:49.972288-03:00","ip":"","ultima_edicao":null,"tipo":1,"regime_tramitacao":1,"tipo_origem_externa":null,"local_origem_externa":null,"user":null,"anexadas":[],"autores":[105]}