{"id":42168,"__str__":"REQUERIMENTO n\u00ba 2803 de 2025","metadata":{"signs":{"texto_original":{"admin":[],"autores":[["Nome do Assinante N\u00e3o Localizado.",["2025-09-22T09:20:23-03:00","C\u00e2mara Municipal de Caruaru"]]]}}},"numero":2803,"ano":2025,"numero_protocolo":4379,"data_apresentacao":"2025-09-23","tipo_apresentacao":"","data_publicacao":null,"numero_origem_externa":"","ano_origem_externa":null,"data_origem_externa":null,"apelido":"","dias_prazo":null,"data_fim_prazo":null,"em_tramitacao":false,"polemica":false,"objeto":"","complementar":false,"ementa":"MO\u00c7\u00c3O DE APLAUSOS E CONGRATULA\u00c7\u00d5ES ao jornalista Jos\u00e9 Pedro da Silva Neto e ao coordenador de marketing Charllys Silva Teixeira, pelo relevante trabalho que v\u00eam desenvolvendo em prol da causa animal em nossa cidade.","indexacao":"","observacao":"","resultado":"","texto_original":"http://sapl.caruaru.pe.leg.br/media/sapl/public/materialegislativa/2025/42168/votos_aplausos_pedro_e_charllys_mel.pdf","data_ultima_atualizacao":"2025-09-30T10:48:04.295217-03:00","ip":"","ultima_edicao":null,"tipo":1,"regime_tramitacao":1,"tipo_origem_externa":null,"local_origem_externa":null,"user":null,"anexadas":[],"autores":[105]}