{"id":42223,"__str__":"REQUERIMENTO n\u00ba 2842 de 2025","metadata":{"signs":{"texto_original":{"admin":[],"autores":[["Nome do Assinante N\u00e3o Localizado.",["2025-09-23T07:34:54-03:00","C\u00e2mara Municipal de Caruaru"]]]}}},"numero":2842,"ano":2025,"numero_protocolo":4434,"data_apresentacao":"2025-09-23","tipo_apresentacao":"","data_publicacao":null,"numero_origem_externa":"","ano_origem_externa":null,"data_origem_externa":null,"apelido":"","dias_prazo":null,"data_fim_prazo":null,"em_tramitacao":false,"polemica":false,"objeto":"","complementar":false,"ementa":"Cria o N\u00facleo de Apoio \u00e0s Fam\u00edlias de Pessoas com Transtorno do Espectro Autista (TEA) no Munic\u00edpio de Caruaru e d\u00e1 outras provid\u00eancias.","indexacao":"","observacao":"","resultado":"","texto_original":"http://sapl.caruaru.pe.leg.br/media/sapl/public/materialegislativa/2025/42223/apl_nucleo_apoio_autistas_caruaru.pdf","data_ultima_atualizacao":"2025-09-26T09:46:00.445400-03:00","ip":"","ultima_edicao":null,"tipo":1,"regime_tramitacao":1,"tipo_origem_externa":null,"local_origem_externa":null,"user":null,"anexadas":[],"autores":[111]}