{"id":42576,"__str__":"PROJETO DE LEI n\u00ba 10284 de 2025","metadata":{"signs":{"texto_original":{"admin":[],"autores":[["Vereador Lula T\u00f4rres e Paulinho",["2025-10-06T11:26:52-03:00",""]]]}}},"numero":10284,"ano":2025,"numero_protocolo":4783,"data_apresentacao":"2025-10-07","tipo_apresentacao":"","data_publicacao":null,"numero_origem_externa":"","ano_origem_externa":null,"data_origem_externa":null,"apelido":"","dias_prazo":null,"data_fim_prazo":null,"em_tramitacao":false,"polemica":false,"objeto":"","complementar":false,"ementa":"Denomina logradouro p\u00fablico, nesta cidade, e d\u00e1 outras provid\u00eancias - Pra\u00e7a Nossa Senhora Aparecida.","indexacao":"","observacao":"","resultado":"","texto_original":"http://sapl.caruaru.pe.leg.br/media/sapl/public/materialegislativa/2025/42576/pl_-_praca_nossa_senhora_aparecida.pdf","data_ultima_atualizacao":"2025-11-14T10:57:40.816787-03:00","ip":"","ultima_edicao":null,"tipo":3,"regime_tramitacao":1,"tipo_origem_externa":null,"local_origem_externa":null,"user":null,"anexadas":[42853,42854,42962],"autores":[23]}