{"id":42827,"__str__":"REQUERIMENTO n\u00ba 3204 de 2025","metadata":{"signs":{"texto_original":{"admin":[],"autores":[["Vereador Lula T\u00f4rres e Paulinho",["2025-10-16T10:41:38-03:00",""]]]}}},"numero":3204,"ano":2025,"numero_protocolo":5024,"data_apresentacao":"2025-10-16","tipo_apresentacao":"","data_publicacao":null,"numero_origem_externa":"","ano_origem_externa":null,"data_origem_externa":null,"apelido":"","dias_prazo":null,"data_fim_prazo":null,"em_tramitacao":false,"polemica":false,"objeto":"","complementar":false,"ementa":"Requer a inclus\u00e3o das decora\u00e7\u00f5es natalinas, de nosso munic\u00edpio, na Pra\u00e7a em frente \u00e0 Igreja Sagrado Cora\u00e7\u00e3o de Jesus, na Vila Peladas.","indexacao":"","observacao":"","resultado":"","texto_original":"http://sapl.caruaru.pe.leg.br/media/sapl/public/materialegislativa/2025/42827/req_-_decoracao_natalina_-_praca_sagrado_coracao_de_jesus.pdf","data_ultima_atualizacao":"2025-10-22T10:29:31.024967-03:00","ip":"","ultima_edicao":null,"tipo":1,"regime_tramitacao":1,"tipo_origem_externa":null,"local_origem_externa":null,"user":null,"anexadas":[],"autores":[23]}