{"id":42834,"__str__":"REQUERIMENTO n\u00ba 3210 de 2025","metadata":{"signs":{"texto_original":{"admin":[],"autores":[["Nome do Assinante N\u00e3o Localizado.",["2025-10-16T10:32:02-03:00","C\u00e2mara Municipal de Caruaru"]]]}}},"numero":3210,"ano":2025,"numero_protocolo":5031,"data_apresentacao":"2025-10-16","tipo_apresentacao":"","data_publicacao":null,"numero_origem_externa":"","ano_origem_externa":null,"data_origem_externa":null,"apelido":"","dias_prazo":null,"data_fim_prazo":null,"em_tramitacao":false,"polemica":false,"objeto":"","complementar":false,"ementa":"Requer que realize a\u00e7\u00e3o de vacina\u00e7\u00e3o itinerante nos condom\u00ednios Residencial Parque das Aroeiras (no S\u00e1bado 25/10) e Residencial Recanto das Laranjeiras (no S\u00e1bado 01/11), contemplando todas as faixas et\u00e1rias.","indexacao":"","observacao":"","resultado":"","texto_original":"http://sapl.caruaru.pe.leg.br/media/sapl/public/materialegislativa/2025/42834/req_acao_de_vacinacao_condominios_aroeiras_e_laranjeiras.pdf","data_ultima_atualizacao":"2025-10-22T10:00:31.812945-03:00","ip":"","ultima_edicao":null,"tipo":1,"regime_tramitacao":1,"tipo_origem_externa":null,"local_origem_externa":null,"user":null,"anexadas":[],"autores":[105]}