{"id":42853,"__str__":"OF\u00cdCIO n\u00ba 201 de 2025","metadata":{},"numero":201,"ano":2025,"numero_protocolo":5046,"data_apresentacao":"2025-10-21","tipo_apresentacao":"","data_publicacao":null,"numero_origem_externa":"","ano_origem_externa":null,"data_origem_externa":null,"apelido":"","dias_prazo":null,"data_fim_prazo":null,"em_tramitacao":true,"polemica":false,"objeto":"","complementar":false,"ementa":"Segue a declara\u00e7\u00e3o de autoria do Vereador Lula T\u00f4rres e Paulinho.","indexacao":"","observacao":"","resultado":"","texto_original":"http://sapl.caruaru.pe.leg.br/media/sapl/public/materialegislativa/2025/42853/declaracao_de_lula_torres_e_paulinho.pdf","data_ultima_atualizacao":"2025-10-21T09:51:54.369737-03:00","ip":"","ultima_edicao":null,"tipo":17,"regime_tramitacao":1,"tipo_origem_externa":null,"local_origem_externa":null,"user":null,"anexadas":[],"autores":[23]}