{"id":43040,"__str__":"REQUERIMENTO n\u00ba 3331 de 2025","metadata":{"signs":{"texto_original":{"admin":[],"autores":[["Nome do Assinante N\u00e3o Localizado.",["2025-10-23T17:28:28-03:00","C\u00e2mara Municipal de Caruaru"]]]}}},"numero":3331,"ano":2025,"numero_protocolo":5230,"data_apresentacao":"2025-10-28","tipo_apresentacao":"","data_publicacao":null,"numero_origem_externa":"","ano_origem_externa":null,"data_origem_externa":null,"apelido":"","dias_prazo":null,"data_fim_prazo":null,"em_tramitacao":false,"polemica":false,"objeto":"","complementar":false,"ementa":"Obras de cal\u00e7amento e saneamento da Rua Jos\u00e9 Vi\u00eaira de Assis, no bairro Jo\u00e3o Mota.","indexacao":"","observacao":"","resultado":"","texto_original":"http://sapl.caruaru.pe.leg.br/media/sapl/public/materialegislativa/2025/43040/calcamento_e_saneamento_da_rua_jose_vieira_de_assis_joao_mota.pdf","data_ultima_atualizacao":"2025-10-30T21:42:44.904476-03:00","ip":"","ultima_edicao":null,"tipo":1,"regime_tramitacao":1,"tipo_origem_externa":null,"local_origem_externa":null,"user":null,"anexadas":[],"autores":[130]}