{"id":43055,"__str__":"REQUERIMENTO n\u00ba 3346 de 2025","metadata":{"signs":{"texto_original":{"admin":[],"autores":[["Nome do Assinante N\u00e3o Localizado.",["2025-10-27T18:13:04-03:00","C\u00e2mara Municipal de Caruaru"]]]}}},"numero":3346,"ano":2025,"numero_protocolo":5245,"data_apresentacao":"2025-10-28","tipo_apresentacao":"","data_publicacao":null,"numero_origem_externa":"","ano_origem_externa":null,"data_origem_externa":null,"apelido":"","dias_prazo":null,"data_fim_prazo":null,"em_tramitacao":false,"polemica":false,"objeto":"","complementar":false,"ementa":"Solicita a promo\u00e7\u00e3o de capacita\u00e7\u00f5es voltadas aos servidores p\u00fablicos \u2014 como guardas municipais, agentes comunit\u00e1rios de sa\u00fade e motoristas \u2014 sobre identifica\u00e7\u00e3o, acolhimento e atendimento humanizado de pessoas com defici\u00eancia, especialmente aquelas com Transtorno do Espectro Autista (TEA).","indexacao":"","observacao":"","resultado":"","texto_original":"http://sapl.caruaru.pe.leg.br/media/sapl/public/materialegislativa/2025/43055/req_capacitacao_inclusiva_servidorespublicos_2025.pdf","data_ultima_atualizacao":"2025-10-30T22:44:01.878727-03:00","ip":"","ultima_edicao":null,"tipo":1,"regime_tramitacao":1,"tipo_origem_externa":null,"local_origem_externa":null,"user":null,"anexadas":[],"autores":[111]}