{"id":43056,"__str__":"REQUERIMENTO n\u00ba 3347 de 2025","metadata":{"signs":{"texto_original":{"admin":[],"autores":[["Nome do Assinante N\u00e3o Localizado.",["2025-10-27T23:07:57-03:00","C\u00e2mara Municipal de Caruaru"]]]}}},"numero":3347,"ano":2025,"numero_protocolo":5246,"data_apresentacao":"2025-10-28","tipo_apresentacao":"","data_publicacao":null,"numero_origem_externa":"","ano_origem_externa":null,"data_origem_externa":null,"apelido":"","dias_prazo":null,"data_fim_prazo":null,"em_tramitacao":false,"polemica":false,"objeto":"","complementar":false,"ementa":"\"MO\u00c7\u00c3O DE APLAUSOS E CONGRATULA\u00c7\u00d5ES\" \u00e0 Aldegir Aur\u00e9lio Bezerra, conhecido como \u201cPrefeito Locutor\u201d.","indexacao":"","observacao":"","resultado":"","texto_original":"http://sapl.caruaru.pe.leg.br/media/sapl/public/materialegislativa/2025/43056/requerimento_112-_mocao_de_aplauso_prefeito_locutor.pdf","data_ultima_atualizacao":"2025-10-30T22:45:42.461290-03:00","ip":"","ultima_edicao":null,"tipo":1,"regime_tramitacao":1,"tipo_origem_externa":null,"local_origem_externa":null,"user":null,"anexadas":[],"autores":[127]}