{"id":43060,"__str__":"REQUERIMENTO n\u00ba 3348 de 2025","metadata":{"signs":{"texto_original":{"admin":[],"autores":[["Nome do Assinante N\u00e3o Localizado.",["2025-10-27T23:30:49-03:00","C\u00e2mara Municipal de Caruaru"]]]}}},"numero":3348,"ano":2025,"numero_protocolo":5250,"data_apresentacao":"2025-10-28","tipo_apresentacao":"","data_publicacao":null,"numero_origem_externa":"","ano_origem_externa":null,"data_origem_externa":null,"apelido":"","dias_prazo":null,"data_fim_prazo":null,"em_tramitacao":false,"polemica":false,"objeto":"","complementar":false,"ementa":"\"MO\u00c7\u00c3O DE APLAUSOS E CONGRATULA\u00c7\u00d5ES\" \u00e0 Jos\u00e9 Arimateias de Lemos, Propriet\u00e1rio do Cavalo Holland Jeck \u2013 O Rei da Gen\u00e9tica, \u00danico cavalo da Vaquejada no Hall da Fama como atleta e reprodutor, Holland Jeck formou um imp\u00e9rio na ra\u00e7a Quarto de Milha.","indexacao":"","observacao":"","resultado":"","texto_original":"http://sapl.caruaru.pe.leg.br/media/sapl/public/materialegislativa/2025/43060/requerimento_111-_mocao_de_aplauso_holland_jeck.pdf","data_ultima_atualizacao":"2025-10-30T22:48:04.659724-03:00","ip":"","ultima_edicao":null,"tipo":1,"regime_tramitacao":1,"tipo_origem_externa":null,"local_origem_externa":null,"user":null,"anexadas":[],"autores":[127]}