{"id":43100,"__str__":"PROJETO DE LEI n\u00ba 10298 de 2025","metadata":{"signs":{"texto_original":{"admin":[],"autores":[["Nome do Assinante N\u00e3o Localizado.",["2025-10-28T10:26:36-03:00","C\u00e2mara Municipal de Caruaru"]]]}}},"numero":10298,"ano":2025,"numero_protocolo":5290,"data_apresentacao":"2025-10-28","tipo_apresentacao":"","data_publicacao":null,"numero_origem_externa":"","ano_origem_externa":null,"data_origem_externa":null,"apelido":"","dias_prazo":null,"data_fim_prazo":null,"em_tramitacao":true,"polemica":false,"objeto":"","complementar":false,"ementa":"Disp\u00f5e sobre a reserva de assentos em locais estrat\u00e9gicos nos eventos p\u00fablicos municipais para pessoas surdas, surdocegas ou com defici\u00eancia auditiva, visando garantir a acessibilidade \u00e0 comunica\u00e7\u00e3o. (VEREADOR GIL BOBINHO PSB)","indexacao":"","observacao":"","resultado":"","texto_original":"http://sapl.caruaru.pe.leg.br/media/sapl/public/materialegislativa/2025/43100/projeto_de_lei_-_acessibilidade_em_eventos_.pdf","data_ultima_atualizacao":"2025-10-28T17:05:29.708857-03:00","ip":"","ultima_edicao":null,"tipo":3,"regime_tramitacao":1,"tipo_origem_externa":null,"local_origem_externa":null,"user":null,"anexadas":[],"autores":[128]}