{"id":43542,"__str__":"REQUERIMENTO n\u00ba 3637 de 2025","metadata":{"signs":{"texto_original":{"admin":[],"autores":[["Nome do Assinante N\u00e3o Localizado.",["2025-11-13T10:25:49-03:00","C\u00e2mara Municipal de Caruaru"]]]}}},"numero":3637,"ano":2025,"numero_protocolo":5726,"data_apresentacao":"2025-11-13","tipo_apresentacao":"","data_publicacao":null,"numero_origem_externa":"","ano_origem_externa":null,"data_origem_externa":null,"apelido":"","dias_prazo":null,"data_fim_prazo":null,"em_tramitacao":false,"polemica":false,"objeto":"","complementar":false,"ementa":"Para que seja determinada a IMEDIATA INCLUS\u00c3O das diretrizes de Nutri\u00e7\u00e3o Adequada e Terapia Alimentar e Nutricional para Pessoas com Transtorno do Espectro Autista (TEA) nos programas, planos e servi\u00e7os da Pol\u00edtica Municipal de Prote\u00e7\u00e3o dos Direitos da Pessoa com Transtorno do Espectro Autista, no \u00e2mbito do Munic\u00edpio de Caruaru, em estrita conformidade com o que estabelece a Lei Federal n\u00ba 15.131/2025.","indexacao":"","observacao":"","resultado":"","texto_original":"http://sapl.caruaru.pe.leg.br/media/sapl/public/materialegislativa/2025/43542/terapia_alimentar.pdf","data_ultima_atualizacao":"2025-11-19T11:31:04.320597-03:00","ip":"","ultima_edicao":null,"tipo":1,"regime_tramitacao":1,"tipo_origem_externa":null,"local_origem_externa":null,"user":null,"anexadas":[],"autores":[18]}