{"id":43830,"__str__":"REQUERIMENTO n\u00ba 3791 de 2025","metadata":{"signs":{"texto_original":{"admin":[],"autores":[["Nome do Assinante N\u00e3o Localizado.",["2025-12-02T10:59:05-03:00","C\u00e2mara Municipal de Caruaru"]]]}}},"numero":3791,"ano":2025,"numero_protocolo":6008,"data_apresentacao":"2025-12-02","tipo_apresentacao":"","data_publicacao":null,"numero_origem_externa":"","ano_origem_externa":null,"data_origem_externa":null,"apelido":"","dias_prazo":null,"data_fim_prazo":null,"em_tramitacao":false,"polemica":false,"objeto":"","complementar":false,"ementa":"Requer requalifica\u00e7\u00e3o da Pra\u00e7a de Dada, no localizada no bairro Sol Poente, incluindo revitaliza\u00e7\u00e3o das pinturas, alambrado, lixeiras, concerto de bancos, marca\u00e7\u00e3o da quadra poliesportiva e instala\u00e7\u00e3o de cestas de basquete.","indexacao":"","observacao":"","resultado":"","texto_original":"http://sapl.caruaru.pe.leg.br/media/sapl/public/materialegislativa/2025/43830/66_-_reforma_praca.pdf","data_ultima_atualizacao":"2025-12-08T14:37:32.933035-03:00","ip":"","ultima_edicao":null,"tipo":1,"regime_tramitacao":1,"tipo_origem_externa":null,"local_origem_externa":null,"user":null,"anexadas":[],"autores":[12]}