{"id":4401,"__str__":"REQUERIMENTO n\u00ba 604 de 2018","metadata":{},"numero":604,"ano":2018,"numero_protocolo":2737,"data_apresentacao":"2018-03-22","tipo_apresentacao":"","data_publicacao":null,"numero_origem_externa":"","ano_origem_externa":null,"data_origem_externa":null,"apelido":"","dias_prazo":null,"data_fim_prazo":null,"em_tramitacao":false,"polemica":null,"objeto":"","complementar":null,"ementa":"REQUALIFICA\u00c7\u00c3O DAS PRA\u00c7A DOM VITAL E PRA\u00c7A SANTA CLARA","indexacao":"","observacao":"","resultado":"","texto_original":"http://sapl.caruaru.pe.leg.br/media/sapl/public/materialegislativa/2018/4401/requerimento-requelifica-o-da-pra-a-do-convento_n7QKxv8.pdf","data_ultima_atualizacao":"2018-03-27T16:03:34.663813-03:00","ip":"","ultima_edicao":null,"tipo":1,"regime_tramitacao":1,"tipo_origem_externa":null,"local_origem_externa":null,"user":null,"anexadas":[],"autores":[29]}