{"id":44012,"__str__":"REQUERIMENTO n\u00ba 3873 de 2025","metadata":{"signs":{"texto_original":{"admin":[],"autores":[["Nome do Assinante N\u00e3o Localizado.",["2025-12-10T11:36:35-03:00","C\u00e2mara Municipal de Caruaru"]]]}}},"numero":3873,"ano":2025,"numero_protocolo":6187,"data_apresentacao":"2025-12-11","tipo_apresentacao":"","data_publicacao":null,"numero_origem_externa":"","ano_origem_externa":null,"data_origem_externa":null,"apelido":"","dias_prazo":null,"data_fim_prazo":null,"em_tramitacao":false,"polemica":false,"objeto":"","complementar":false,"ementa":"Requer que realize URGENTE a manuten\u00e7\u00e3o e restabele\u00e7a o funcionamento do ar-condicionado na AME Sa\u00fade da Pessoa Idosa, no Centro de Caruaru, a fim de garantir condi\u00e7\u00f5es adequadas de conforto e atendimento aos usu\u00e1rios.","indexacao":"","observacao":"","resultado":"","texto_original":"http://sapl.caruaru.pe.leg.br/media/sapl/public/materialegislativa/2025/44012/req_manutencao_ar-condicionado_ame_do_idoso.pdf","data_ultima_atualizacao":"2025-12-18T10:28:25.140109-03:00","ip":"","ultima_edicao":null,"tipo":1,"regime_tramitacao":1,"tipo_origem_externa":null,"local_origem_externa":null,"user":null,"anexadas":[],"autores":[105]}