{"id":44126,"__str__":"REQUERIMENTO n\u00ba 3919 de 2025","metadata":{"signs":{"texto_original":{"admin":[],"autores":[["Nome do Assinante N\u00e3o Localizado.",["2025-12-15T10:22:06-03:00","C\u00e2mara Municipal de Caruaru"]]]}}},"numero":3919,"ano":2025,"numero_protocolo":6299,"data_apresentacao":"2025-12-16","tipo_apresentacao":"","data_publicacao":null,"numero_origem_externa":"","ano_origem_externa":null,"data_origem_externa":null,"apelido":"","dias_prazo":null,"data_fim_prazo":null,"em_tramitacao":false,"polemica":false,"objeto":"","complementar":false,"ementa":"Requer seja encaminhado ao Excelent\u00edssimo Senhor Prefeito do Munic\u00edpio de Caruaru, Rodrigo Pinheiro, o seguinte Anteprojeto de Lei, que institui, no \u00e2mbito do Munic\u00edpio de Caruaru, o Programa Municipal de Valoriza\u00e7\u00e3o de Talentos e Express\u00f5es Inclusivas nas Escolas P\u00fablicas, e d\u00e1 outras provid\u00eancias.","indexacao":"","observacao":"","resultado":"","texto_original":"http://sapl.caruaru.pe.leg.br/media/sapl/public/materialegislativa/2025/44126/apl_programa_municipal_valorizacao_talentos_expressoes_inclusivas.pdf","data_ultima_atualizacao":"2025-12-31T08:21:06.156347-03:00","ip":"","ultima_edicao":null,"tipo":1,"regime_tramitacao":1,"tipo_origem_externa":null,"local_origem_externa":null,"user":null,"anexadas":[],"autores":[111]}