{"id":44132,"__str__":"REQUERIMENTO n\u00ba 3922 de 2025","metadata":{"signs":{"texto_original":{"admin":[],"autores":[["Nome do Assinante N\u00e3o Localizado.",["2025-12-16T10:03:32-03:00","C\u00e2mara Municipal de Caruaru"]]]}}},"numero":3922,"ano":2025,"numero_protocolo":6305,"data_apresentacao":"2025-12-16","tipo_apresentacao":"","data_publicacao":null,"numero_origem_externa":"","ano_origem_externa":null,"data_origem_externa":null,"apelido":"","dias_prazo":null,"data_fim_prazo":null,"em_tramitacao":false,"polemica":false,"objeto":"","complementar":false,"ementa":"Para que viabilizem, durante todo o per\u00edodo das festividades de S\u00e3o Jo\u00e3o, no P\u00e1tio de Eventos de Caruaru, a cria\u00e7\u00e3o e a implementa\u00e7\u00e3o de um Espa\u00e7o Azul (tamb\u00e9m conhecido como \u00c1rea Calma ou Espa\u00e7o Sensorial).","indexacao":"","observacao":"","resultado":"","texto_original":"http://sapl.caruaru.pe.leg.br/media/sapl/public/materialegislativa/2025/44132/requerimento_espaco_azul_no_patio_de_eventos.pdf","data_ultima_atualizacao":"2025-12-31T08:10:01.485753-03:00","ip":"","ultima_edicao":null,"tipo":1,"regime_tramitacao":1,"tipo_origem_externa":null,"local_origem_externa":null,"user":null,"anexadas":[],"autores":[18]}