{"id":44186,"__str__":"REQUERIMENTO n\u00ba 3945 de 2025","metadata":{"signs":{"texto_original":{"admin":[],"autores":[["Nome do Assinante N\u00e3o Localizado.",["2025-12-17T11:56:16-03:00","C\u00e2mara Municipal de Caruaru"]]]}}},"numero":3945,"ano":2025,"numero_protocolo":6358,"data_apresentacao":"2025-12-18","tipo_apresentacao":"","data_publicacao":null,"numero_origem_externa":"","ano_origem_externa":null,"data_origem_externa":null,"apelido":"","dias_prazo":null,"data_fim_prazo":null,"em_tramitacao":false,"polemica":false,"objeto":"","complementar":false,"ementa":"Requer que seja realizado estudo t\u00e9cnico e, sendo vi\u00e1vel, implantado um sem\u00e1foro na entrada da Avenida Brail, na rotat\u00f3ria (conforme imagem anexa) para os ve\u00edculos que trafegam no sentido da PE-95, considerando o intenso fluxo de entrada e sa\u00edda de ve\u00edculos no local.","indexacao":"","observacao":"","resultado":"","texto_original":"http://sapl.caruaru.pe.leg.br/media/sapl/public/materialegislativa/2025/44186/req_semaforo_entrada_av_brasil_pe-95.pdf","data_ultima_atualizacao":"2025-12-30T13:15:27.993402-03:00","ip":"","ultima_edicao":null,"tipo":1,"regime_tramitacao":1,"tipo_origem_externa":null,"local_origem_externa":null,"user":null,"anexadas":[],"autores":[105]}