{"id":4445,"__str__":"REQUERIMENTO n\u00ba 619 de 2018","metadata":{},"numero":619,"ano":2018,"numero_protocolo":2781,"data_apresentacao":"2018-03-27","tipo_apresentacao":"","data_publicacao":null,"numero_origem_externa":"","ano_origem_externa":null,"data_origem_externa":null,"apelido":"","dias_prazo":null,"data_fim_prazo":null,"em_tramitacao":false,"polemica":null,"objeto":"","complementar":null,"ementa":"Para tornar obrigat\u00f3ria a realiza\u00e7\u00e3o do dia dos Pais e Dia das M\u00e3es, nas Creches e Escolas P\u00fablicas e privadas do nosso Munic\u00edpio.","indexacao":"","observacao":"","resultado":"","texto_original":"http://sapl.caruaru.pe.leg.br/media/sapl/public/materialegislativa/2018/4445/req.-dia-dos-pai-e-m-es.-27-03-2018..pdf","data_ultima_atualizacao":"2021-02-06T08:48:01.901987-03:00","ip":"","ultima_edicao":null,"tipo":1,"regime_tramitacao":1,"tipo_origem_externa":null,"local_origem_externa":null,"user":null,"anexadas":[],"autores":[13]}