{"id":45103,"__str__":"REQUERIMENTO n\u00ba 527 de 2026","metadata":{"signs":{"texto_original":{"admin":[],"autores":[["Vereador Mano do Som",["2026-02-06T08:23:50-03:00",""]]]}}},"numero":527,"ano":2026,"numero_protocolo":706,"data_apresentacao":"2026-02-24","tipo_apresentacao":"","data_publicacao":null,"numero_origem_externa":"","ano_origem_externa":null,"data_origem_externa":null,"apelido":"","dias_prazo":null,"data_fim_prazo":null,"em_tramitacao":false,"polemica":false,"objeto":"","complementar":false,"ementa":"Solicitando a constru\u00e7\u00e3o de uma Unidade de Sa\u00fade especializada no atendimento a pessoas com Fibromialgia, a ser implantada no terreno localizado ao lado do CAPS Infantil Juvenil, no bairro Indian\u00f3polis, neste munic\u00edpio.","indexacao":"","observacao":"","resultado":"","texto_original":"http://sapl.caruaru.pe.leg.br/media/sapl/public/materialegislativa/2026/45103/1_requerimento_construcao_de_unidade_basica_de_saude_fibromialgia.pdf","data_ultima_atualizacao":"2026-03-03T20:45:31.022968-03:00","ip":"","ultima_edicao":null,"tipo":1,"regime_tramitacao":1,"tipo_origem_externa":null,"local_origem_externa":null,"user":null,"anexadas":[],"autores":[113]}