{"id":45104,"__str__":"REQUERIMENTO n\u00ba 528 de 2026","metadata":{"signs":{"texto_original":{"admin":[],"autores":[["Vereador Mano do Som",["2026-02-12T08:28:02-03:00",""]]]}}},"numero":528,"ano":2026,"numero_protocolo":707,"data_apresentacao":"2026-02-24","tipo_apresentacao":"","data_publicacao":null,"numero_origem_externa":"","ano_origem_externa":null,"data_origem_externa":null,"apelido":"","dias_prazo":null,"data_fim_prazo":null,"em_tramitacao":false,"polemica":false,"objeto":"","complementar":false,"ementa":"Solicitando a disponibiliza\u00e7\u00e3o e destina\u00e7\u00e3o de um espa\u00e7o p\u00fablico adequado no munic\u00edpio de Caruaru para realiza\u00e7\u00e3o de eventos, demonstra\u00e7\u00f5es e divulga\u00e7\u00e3o de som e acess\u00f3rios automotivos, encontros de lojistas e empresas do setor de \u00e1udio automotivo.","indexacao":"","observacao":"","resultado":"","texto_original":"http://sapl.caruaru.pe.leg.br/media/sapl/public/materialegislativa/2026/45104/req_espaco_som_automotivo.pdf","data_ultima_atualizacao":"2026-03-03T22:09:40.246268-03:00","ip":"","ultima_edicao":null,"tipo":1,"regime_tramitacao":1,"tipo_origem_externa":null,"local_origem_externa":null,"user":null,"anexadas":[],"autores":[113]}