{"id":45130,"__str__":"INDICA\u00c7\u00c3O n\u00ba 106 de 2026","metadata":{"signs":{"texto_original":{"admin":[],"autores":[["Vereador Anderson Correia",["2026-02-22T17:11:01-03:00",""]]]}}},"numero":106,"ano":2026,"numero_protocolo":733,"data_apresentacao":"2026-02-24","tipo_apresentacao":"","data_publicacao":null,"numero_origem_externa":"","ano_origem_externa":null,"data_origem_externa":null,"apelido":"","dias_prazo":null,"data_fim_prazo":null,"em_tramitacao":false,"polemica":false,"objeto":"","complementar":false,"ementa":"Indica\u00e7\u00e3o a Governadora Raquel Lyra, extensivo \u00e0 Secretaria de Educa\u00e7\u00e3o de Pernambuco, para que sejam adotadas as medidas necess\u00e1rias visando \u00e0 inclus\u00e3o oficial do tema preven\u00e7\u00e3o de maus-tratos a animais no curr\u00edculo das escolas da rede estadual de ensino.","indexacao":"","observacao":"","resultado":"","texto_original":"http://sapl.caruaru.pe.leg.br/media/sapl/public/materialegislativa/2026/45130/ind_incluir_materia_maus-tratos_escolas_pe.pdf","data_ultima_atualizacao":"2026-03-03T11:32:49.312081-03:00","ip":"","ultima_edicao":null,"tipo":2,"regime_tramitacao":1,"tipo_origem_externa":null,"local_origem_externa":null,"user":null,"anexadas":[],"autores":[105]}