{"id":45148,"__str__":"REQUERIMENTO n\u00ba 555 de 2026","metadata":{"signs":{"texto_original":{"admin":[],"autores":[["Nome do Assinante N\u00e3o Localizado.",["2026-02-22T16:16:33-03:00","C\u00e2mara Municipal de Caruaru"]]]}}},"numero":555,"ano":2026,"numero_protocolo":751,"data_apresentacao":"2026-02-24","tipo_apresentacao":"","data_publicacao":null,"numero_origem_externa":"","ano_origem_externa":null,"data_origem_externa":null,"apelido":"","dias_prazo":null,"data_fim_prazo":null,"em_tramitacao":false,"polemica":false,"objeto":"","complementar":false,"ementa":"Anteprojeto de Lei que institui o Programa Municipal de Acolhimento e Diagn\u00f3stico Tardio do Transtorno do Espectro Autista em Adultos e Idosos no \u00e2mbito do Munic\u00edpio de Caruaru e d\u00e1 outras provid\u00eancias.","indexacao":"","observacao":"","resultado":"","texto_original":"http://sapl.caruaru.pe.leg.br/media/sapl/public/materialegislativa/2026/45148/anteprojeto_politica_diagnostico_tardio_tea_caruaru_2026.pdf","data_ultima_atualizacao":"2026-03-04T16:11:10.071717-03:00","ip":"","ultima_edicao":null,"tipo":1,"regime_tramitacao":1,"tipo_origem_externa":null,"local_origem_externa":null,"user":null,"anexadas":[],"autores":[111]}