{"id":45151,"__str__":"REQUERIMENTO n\u00ba 558 de 2026","metadata":{"signs":{"texto_original":{"admin":[],"autores":[["Nome do Assinante N\u00e3o Localizado.",["2026-02-22T15:26:24-03:00","C\u00e2mara Municipal de Caruaru"]]]}}},"numero":558,"ano":2026,"numero_protocolo":754,"data_apresentacao":"2026-02-24","tipo_apresentacao":"","data_publicacao":null,"numero_origem_externa":"","ano_origem_externa":null,"data_origem_externa":null,"apelido":"","dias_prazo":null,"data_fim_prazo":null,"em_tramitacao":false,"polemica":false,"objeto":"","complementar":false,"ementa":"Solicita ao Poder Executivo a implanta\u00e7\u00e3o da \u201cPra\u00e7a Azul\u201d, espa\u00e7o p\u00fablico seguro e adaptado para lazer, inclus\u00e3o e acolhimento de pessoas com Transtorno do Espectro Autista (TEA), no Munic\u00edpio de Caruaru.","indexacao":"","observacao":"","resultado":"","texto_original":"http://sapl.caruaru.pe.leg.br/media/sapl/public/materialegislativa/2026/45151/req_implantacao_praca_azul_tea_2026.pdf","data_ultima_atualizacao":"2026-03-04T18:25:55.390395-03:00","ip":"","ultima_edicao":null,"tipo":1,"regime_tramitacao":1,"tipo_origem_externa":null,"local_origem_externa":null,"user":null,"anexadas":[],"autores":[111]}