{"id":45180,"__str__":"REQUERIMENTO n\u00ba 580 de 2026","metadata":{"signs":{"texto_original":{"admin":[],"autores":[["Vereador Mano do Som",["2026-02-24T09:54:11-03:00",""]]]}}},"numero":580,"ano":2026,"numero_protocolo":783,"data_apresentacao":"2026-02-24","tipo_apresentacao":"","data_publicacao":null,"numero_origem_externa":"","ano_origem_externa":null,"data_origem_externa":null,"apelido":"","dias_prazo":null,"data_fim_prazo":null,"em_tramitacao":false,"polemica":false,"objeto":"","complementar":false,"ementa":"Requeiro \u00e0 Mesa, depois de ouvido o Plen\u00e1rio e cumpridas as formalidades regimentais, apresenta MO\u00c7\u00c3O DE APLAUSOS \u00c0 CONFRARIA DO CAF\u00c9 DIO SENADO, GRUPO FORMADO POR AMIGOS E AMIGAS QUE, AO LONGO DO TEMPO, VEM DESENVOLVENDO RELEVANTES TRABALHOS PRESTADOS \u00c0 SOCIEDADE CARUARUENSE.\r\n\u2022\r\nAlexandre Barreto\r\n\u2022\r\nAlexandre Lima\r\n\u2022\r\nAndr\u00e9 Assis\r\n\u2022\r\nArlindo Tabosa\r\n\u2022\r\nCl\u00e9cio Ara\u00fajo\r\n\u2022\r\nCl\u00e9cio Machado\r\n\u2022\r\nDanilo Gon\u00e7alves\r\n\u2022\r\nDouglas Pereira\r\n\u2022\r\nDyego Xavier\r\n\u2022\r\nEdward Siqueira\r\n\u2022\r\nF\u00e1bio Melo (Bacalhau)\r\n\u2022\r\nF\u00e1bio Barreto\r\n\u2022\r\nFrancisco de Souza J\u00fanior\r\n\u2022\r\nGustavo Melo\r\n\u2022\r\nHeleno Torres J\u00fanior\r\n\u2022\r\nJannailson Viegas\r\n\u2022\r\nJo\u00e3o de C\u00e1ssio Laurentino\r\n\u2022\r\nEdinaldo Costa J\u00fanior\r\n\u2022\r\nMano do Som\r\n\u2022\r\nRodrigo Bezerra\r\n\u2022\r\nRog\u00e9rio Cavalcanti\r\n\u2022\r\nSaulo Arruda\r\n\u2022\r\nS\u00e9rgio Feliciano\r\n\u2022\r\nThiago Cunha\r\n\u2022\r\nTiago Lima\r\nWagner Aguiar\r\n\u2022\r\nWesley Queiroz\r\n\u2022\r\nZalmir Ven\u00e2ncio\r\n\u2022\r\nOficina do Trigo\r\n\u2022\r\nMaria do Carmo (Dona Carminha)\r\n\u2022\r\nCleide Machado","indexacao":"","observacao":"","resultado":"","texto_original":"http://sapl.caruaru.pe.leg.br/media/sapl/public/materialegislativa/2026/45180/2_equerimento_mocao_de_aplausos_cafe_dio_senado.pdf","data_ultima_atualizacao":"2026-03-05T11:23:00.161269-03:00","ip":"","ultima_edicao":null,"tipo":1,"regime_tramitacao":1,"tipo_origem_externa":null,"local_origem_externa":null,"user":null,"anexadas":[],"autores":[113]}