{"id":45274,"__str__":"REQUERIMENTO n\u00ba 619 de 2026","metadata":{"signs":{"texto_original":{"admin":[],"autores":[["Vereador Anderson Correia",["2026-02-25T11:05:16-03:00",""]]]}}},"numero":619,"ano":2026,"numero_protocolo":875,"data_apresentacao":"2026-02-26","tipo_apresentacao":"","data_publicacao":null,"numero_origem_externa":"","ano_origem_externa":null,"data_origem_externa":null,"apelido":"","dias_prazo":null,"data_fim_prazo":null,"em_tramitacao":false,"polemica":false,"objeto":"","complementar":false,"ementa":"Requer a realiza\u00e7\u00e3o de Audi\u00eancia P\u00fablica com a finalidade de debater, junto com o protetores da cidade, a implanta\u00e7\u00e3o de novas pol\u00edticas p\u00fablicas voltadas \u00e0 causa animal no munic\u00edpio, bem como analisar os pleitos, indica\u00e7\u00f5es e projetos j\u00e1 apresentados nesta Casa Legislativa que ainda aguardam execu\u00e7\u00e3o \u2013 a ser realizada em data e hor\u00e1rio a definir.","indexacao":"","observacao":"","resultado":"","texto_original":"http://sapl.caruaru.pe.leg.br/media/sapl/public/materialegislativa/2026/45274/req_audiencia_publica_politicas_animalistas_protetores_ok.pdf","data_ultima_atualizacao":"2026-03-09T12:14:24.382526-03:00","ip":"","ultima_edicao":null,"tipo":1,"regime_tramitacao":1,"tipo_origem_externa":null,"local_origem_externa":null,"user":null,"anexadas":[],"autores":[105]}