{"id":45283,"__str__":"REQUERIMENTO n\u00ba 627 de 2026","metadata":{"signs":{"texto_original":{"admin":[],"autores":[["Nome do Assinante N\u00e3o Localizado.",["2026-02-25T21:10:57-03:00","C\u00e2mara Municipal de Caruaru"]]]}}},"numero":627,"ano":2026,"numero_protocolo":884,"data_apresentacao":"2026-02-26","tipo_apresentacao":"","data_publicacao":null,"numero_origem_externa":"","ano_origem_externa":null,"data_origem_externa":null,"apelido":"","dias_prazo":null,"data_fim_prazo":null,"em_tramitacao":false,"polemica":false,"objeto":"","complementar":false,"ementa":"Requer que seja promovido a amplia\u00e7\u00e3o e institucionaliza\u00e7\u00e3o do Programa Municipal de Sa\u00fade Mental Comunit\u00e1ria, com a\u00e7\u00f5es preventivas, educativas e assistenciais descentralizadas no \u00e2mbito do Munic\u00edpio de Caruaru.","indexacao":"","observacao":"","resultado":"","texto_original":"http://sapl.caruaru.pe.leg.br/media/sapl/public/materialegislativa/2026/45283/req_-_saude_mental_comunitaria.pdf","data_ultima_atualizacao":"2026-03-09T16:30:09.201710-03:00","ip":"","ultima_edicao":null,"tipo":1,"regime_tramitacao":1,"tipo_origem_externa":null,"local_origem_externa":null,"user":null,"anexadas":[],"autores":[111]}