{"id":45288,"__str__":"INDICA\u00c7\u00c3O n\u00ba 134 de 2026","metadata":{"signs":{"texto_original":{"admin":[],"autores":[["Vereador Mano do Som",["2026-02-20T10:47:58-03:00",""]]]}}},"numero":134,"ano":2026,"numero_protocolo":889,"data_apresentacao":"2026-02-26","tipo_apresentacao":"","data_publicacao":null,"numero_origem_externa":"","ano_origem_externa":null,"data_origem_externa":null,"apelido":"","dias_prazo":null,"data_fim_prazo":null,"em_tramitacao":false,"polemica":false,"objeto":"","complementar":false,"ementa":"Indico \u00e0 Mesa, depois de ouvido o Plen\u00e1rio e cumpridas \u00e1s formalidades regimentais, que seja REITERADO a indica\u00e7\u00e3o feita em 2025, referente:\r\nINDICA\u00c7\u00c3O 656/2025 \u2013 Um novo espa\u00e7o para dep\u00f3sito de ve\u00edculos apreendidos em Caruaru e proposta de regulamenta\u00e7\u00e3o para leil\u00e3o de ve\u00edculos n\u00e3o reclamados.\r\nINDICA\u00c7\u00c3O 582/2025 -Solicita ao governo do estado a constru\u00e7\u00e3o de novos Centros de Aten\u00e7\u00e3o Psicossocial (CAPS) no munic\u00edpio de Caruaru.\r\nINDICA\u00c7\u00c3O 603/2025 - Indico apelo a COMPANHIA ENERG\u00c9TICA DE PERNAMBUCO \u2013 CELPE para que se proceda com o servi\u00e7o de Extens\u00e3o de Rede el\u00e9trica, localizado: Avenida Liberdade- Bairro Nova Caruaru\r\nINDICA\u00c7\u00c3O 581/2025 - Solicita ao Governo Federal a constru\u00e7\u00e3o de novos Centros de Aten\u00e7\u00e3o Psicossocial (CAPS) no munic\u00edpio de Caruaru.\r\nINDICA\u00c7\u00c3O 572/2025 - Indico apelo ao Exmo. Sr. Presidente da Rep\u00fablica Luiz In\u00e1cio Lula da Silva, ao Exmo. Sr. Renan Filho \u2013 Ministro de Transportes, apresentar a seguinte proposi\u00e7\u00e3o: CONSTRU\u00c7\u00c3O DE UMA PASSARELA PARA PEDESTRES Nas intermedia\u00e7\u00f5es da Vila do Rafael/ Rodovia BR-104CARUARU PE","indexacao":"","observacao":"","resultado":"","texto_original":"http://sapl.caruaru.pe.leg.br/media/sapl/public/materialegislativa/2026/45288/reiteramento_2025_indicacao_03.pdf","data_ultima_atualizacao":"2026-03-05T10:26:08.461065-03:00","ip":"","ultima_edicao":null,"tipo":2,"regime_tramitacao":1,"tipo_origem_externa":null,"local_origem_externa":null,"user":null,"anexadas":[],"autores":[113]}