{"id":45290,"__str__":"REQUERIMENTO n\u00ba 632 de 2026","metadata":{"signs":{"texto_original":{"admin":[],"autores":[["Vereador Mano do Som",["2026-02-24T10:13:11-03:00",""]]]}}},"numero":632,"ano":2026,"numero_protocolo":891,"data_apresentacao":"2026-02-26","tipo_apresentacao":"","data_publicacao":null,"numero_origem_externa":"","ano_origem_externa":null,"data_origem_externa":null,"apelido":"","dias_prazo":null,"data_fim_prazo":null,"em_tramitacao":false,"polemica":false,"objeto":"","complementar":false,"ementa":"Requeremos \u00e0 Mesa, depois de ouvido o Plen\u00e1rio e cumpridas as formalidades regimentais, que seja dirigido veemente apelo ao Exmo. Sr. Prefeito de Caruaru, Rodrigo Pinheiro, extensivo aos respectivos Secret\u00e1rios, para reiterar os requerimentos (anexos):\r\n1984/2025 -Requer que viabilize: Instala\u00e7\u00e3o de um Posto avan\u00e7ado da Guarda Municipal de seguran\u00e7a para o Bairro Vila Kennedy\r\n1983/2025 -Requer que viabilize: Instala\u00e7\u00e3o de um Posto avan\u00e7ado da Guarda Municipal de seguran\u00e7a para o Bairro Salgado\r\n1981/2025 - Requeiro a implanta\u00e7\u00e3o de um Centro Psiqui\u00e1trico e interna\u00e7\u00e3o para o Munic\u00edpio.\r\n1939/2025 -requeiro implanta\u00e7\u00e3o de paradas de \u00f4nibus com cobertas, na localidade: AVENIDA BRASIL - Bairro: UNIVERSIT\u00c1RIO\r\n1932/2025 - Requer a Manuten\u00e7\u00e3o e Extens\u00e3o de Rede el\u00e9trica, localizado: Rua Vinte Um (Em torno da Maternidade Municipal de Caruaru Santa Dulce dos Pobres )","indexacao":"","observacao":"","resultado":"","texto_original":"http://sapl.caruaru.pe.leg.br/media/sapl/public/materialegislativa/2026/45290/reque_re_29.pdf","data_ultima_atualizacao":"2026-04-29T23:35:36.417290-03:00","ip":"","ultima_edicao":null,"tipo":1,"regime_tramitacao":1,"tipo_origem_externa":null,"local_origem_externa":null,"user":null,"anexadas":[],"autores":[113]}