{"id":45331,"__str__":"PROJETO DE LEI COMPLEMENTAR n\u00ba 215 de 2026","metadata":{},"numero":215,"ano":2026,"numero_protocolo":931,"data_apresentacao":"2026-03-02","tipo_apresentacao":"","data_publicacao":null,"numero_origem_externa":"","ano_origem_externa":null,"data_origem_externa":null,"apelido":"","dias_prazo":null,"data_fim_prazo":null,"em_tramitacao":true,"polemica":false,"objeto":"","complementar":false,"ementa":"Disp\u00f5e sobre a atualiza\u00e7\u00e3o no quadro de pessoal permanente do Anexo I, do Grupo de N\u00edvel M\u00e9dio, da Lei Complementar n\u00ba 031/2012, para reajustar os proventos dos T\u00e9cnicos de Enfermagem e Auxiliares de Enfermagem inativos.","indexacao":"","observacao":"","resultado":"","texto_original":"http://sapl.caruaru.pe.leg.br/media/sapl/public/materialegislativa/2026/45331/1_-_enfer_merged.pdf","data_ultima_atualizacao":"2026-04-29T12:08:10.663272-03:00","ip":"","ultima_edicao":null,"tipo":4,"regime_tramitacao":1,"tipo_origem_externa":null,"local_origem_externa":null,"user":null,"anexadas":[46642,46651],"autores":[141]}