{"id":45348,"__str__":"REQUERIMENTO n\u00ba 672 de 2026","metadata":{"signs":{"texto_original":{"admin":[],"autores":[["Nome do Assinante N\u00e3o Localizado.",["2026-02-25T12:01:24-03:00","C\u00e2mara Municipal de Caruaru"]]]}}},"numero":672,"ano":2026,"numero_protocolo":948,"data_apresentacao":"2026-03-02","tipo_apresentacao":"","data_publicacao":null,"numero_origem_externa":"","ano_origem_externa":null,"data_origem_externa":null,"apelido":"","dias_prazo":null,"data_fim_prazo":null,"em_tramitacao":false,"polemica":false,"objeto":"","complementar":false,"ementa":"Requeiro que sejam REITERADOS OS REQUERIMENTOS feitos por mim nas legislaturas passadas, constantes no anexo:                                REQUERIMENTO N\u00ba 2188 DE 2025. Requeiro o SANEAMENTO, CAL\u00c7AMENTO E MELHORIAS\r\nNA ILUMINA\u00c7\u00c3O, na AV. PROJETADA DOIS (AV. PROJETADA 2), LOT. PARQUE DA CIDADE\r\n(EM FRENTE AO POLO COMERCIAL).\r\nREQUERIMENTO N\u00ba 2187 DE 2025. Requeiro o Secret\u00e1rio de Infraestrutura e Obras, SR. ANDREWS\r\nMELO, e ao Secret\u00e1rio de Servi\u00e7os P\u00fablicos, Sr. Vital Flor\u00eancio, para que procedam com os servi\u00e7os de\r\nSANEAMENTO, CAL\u00c7AMENTO E MELHORIAS NA ILUMINA\u00c7\u00c3O, na RUA VINTE E SEIS (RUA\r\n26), LOT. PARQUE DA CIDADE (EM FRENTE AO POLO COMERCIAL).\r\nREQUERIMENTO N\u00ba 2186 DE 2025. Requeiro o SANEAMENTO, CAL\u00c7AMENTO E MELHORIAS\r\nNA ILUMINA\u00c7\u00c3O, na AVENIDA LUIZ ANTONIO ROM\u00c3O, LOT. PARQUE DA CIDADE (EM\r\nFRENTE AO POLO COMERCIAL).\r\nREQUERIMENTO N\u00ba 2185 DE 2025. Requeiro o SANEAMENTO, CAL\u00c7AMENTO E MELHORIAS\r\nNA ILUMINA\u00c7\u00c3O, na RUA JOS\u00c9 GENILDO F. CAETANO, LOT. PARQUE DA CIDADE (EM\r\nFRENTE AO POLO COMERCIAL).\r\nREQUERIMENTO N\u00ba 1201 DE 2025. Requeiro a terraplanagem/patrolagem, na rua Dr. Jos\u00e9 Tavares\r\nde Souza, no Loteamento Parque das Cidades, no bairro Luiz Gonzaga.","indexacao":"","observacao":"","resultado":"","texto_original":"http://sapl.caruaru.pe.leg.br/media/sapl/public/materialegislativa/2026/45348/reiterando_25_02_parque_da_cidade_2.pdf","data_ultima_atualizacao":"2026-04-30T09:06:17.778543-03:00","ip":"","ultima_edicao":null,"tipo":1,"regime_tramitacao":1,"tipo_origem_externa":null,"local_origem_externa":null,"user":null,"anexadas":[],"autores":[106]}