{"id":45356,"__str__":"REQUERIMENTO n\u00ba 680 de 2026","metadata":{"signs":{"texto_original":{"admin":[],"autores":[["Nome do Assinante N\u00e3o Localizado.",["2026-02-26T17:20:13-03:00","C\u00e2mara Municipal de Caruaru"]]]}}},"numero":680,"ano":2026,"numero_protocolo":956,"data_apresentacao":"2026-03-02","tipo_apresentacao":"","data_publicacao":null,"numero_origem_externa":"","ano_origem_externa":null,"data_origem_externa":null,"apelido":"","dias_prazo":null,"data_fim_prazo":null,"em_tramitacao":false,"polemica":false,"objeto":"","complementar":false,"ementa":"Para que em esfor\u00e7os conjuntos com o Governo do Estado, seja realizada uma integra\u00e7\u00e3o dos servi\u00e7os de ara\u00e7\u00e3o de terra em conjunto com a distribui\u00e7\u00e3o de sementes em sede de for\u00e7a tarefa, auxiliando as fam\u00edlias da agricultura familiar de Caruaru.","indexacao":"","observacao":"","resultado":"","texto_original":"http://sapl.caruaru.pe.leg.br/media/sapl/public/materialegislativa/2026/45356/requerimento_13-_requerimento_forca_tarefa_de_aracao_de_terra_e_distribuilcao_de_sementes.pdf","data_ultima_atualizacao":"2026-03-10T11:32:39.875035-03:00","ip":"","ultima_edicao":null,"tipo":1,"regime_tramitacao":1,"tipo_origem_externa":null,"local_origem_externa":null,"user":null,"anexadas":[],"autores":[127]}