{"id":45362,"__str__":"REQUERIMENTO n\u00ba 684 de 2026","metadata":{"signs":{"texto_original":{"admin":[],"autores":[["Vereador Mano do Som",["2026-02-27T10:16:55-03:00",""]]]}}},"numero":684,"ano":2026,"numero_protocolo":962,"data_apresentacao":"2026-03-02","tipo_apresentacao":"","data_publicacao":null,"numero_origem_externa":"","ano_origem_externa":null,"data_origem_externa":null,"apelido":"","dias_prazo":null,"data_fim_prazo":null,"em_tramitacao":false,"polemica":false,"objeto":"","complementar":false,"ementa":"Requer a implanta\u00e7\u00e3o de sinaliza\u00e7\u00e3o e redutor de velocidade (Lombada), na localidade:\r\nAvenida Berna- Bairro: Jos\u00e9 Ant\u00f4nio Liberato","indexacao":"","observacao":"","resultado":"","texto_original":"http://sapl.caruaru.pe.leg.br/media/sapl/public/materialegislativa/2026/45362/jose_liberato_avenida_berna.pdf","data_ultima_atualizacao":"2026-03-10T11:56:34.185849-03:00","ip":"","ultima_edicao":null,"tipo":1,"regime_tramitacao":1,"tipo_origem_externa":null,"local_origem_externa":null,"user":null,"anexadas":[],"autores":[113]}